{"id":857,"date":"2022-10-20T09:59:00","date_gmt":"2022-10-20T09:59:00","guid":{"rendered":"http:\/\/kazaliste-mergimtari.hr\/?p=857"},"modified":"2022-10-31T15:44:58","modified_gmt":"2022-10-31T15:44:58","slug":"koncert-variete-2","status":"publish","type":"post","link":"https:\/\/kazaliste-mergimtari.hr\/al\/koncert-variete-2\/","title":{"rendered":"Koncert Variete"},"content":{"rendered":"<p>KONCERT VARIETE<\/p>\n\n\n\n<p>Shoq\u00ebria dramatike shqiptare n\u00eb Kroaci, n\u00eb bashk\u00ebpunim me k\u00ebshillat e pakic\u00ebs komb\u00ebtare shqiptare t\u00eb qytetit t\u00eb Zagrebit dhe qytetit t\u00eb Goric\u00ebs s\u00eb Madhe, 12 n\u00ebntor 2016. organizoi me sukses nj\u00eb koncert - me k\u00ebng\u00eb, valle dhe humor, i cili gjithashtu hapi nj\u00eb s\u00ebr\u00eb festimesh me rastin e 104 vjetorit t\u00eb pavar\u00ebsis\u00eb s\u00eb Shqip\u00ebris\u00eb n\u00eb Kroaci. E ftuar speciale e k\u00ebtij koncerti ishte k\u00ebng\u00ebtarja e mir\u00ebnjohur nga Shqip\u00ebria, Ludmilla Babaleku, e cila me interpretimin e saj t\u00eb bukur dhe profesional ka g\u00ebzuar publikun e shumt\u00eb shqiptar dhe kroat me nj\u00eb potpuri k\u00ebng\u00ebsh nga t\u00eb gjitha vendet shqiptare. K\u00ebng\u00ebtarja shoq\u00ebrohej n\u00eb piano nga mjeshtri i muzik\u00ebs Arben Zhezha. Aktor\u00ebt e Shoq\u00ebris\u00eb Mergimtari n\u00eb Kroaci, Agnesa Smakiqi, Tea Seferoviq, Era Osmani, Leonard Hamitaj dhe Valentina Mrijaj n\u00eb rolin e prezantueses, e b\u00ebn\u00eb koncertin interesant dhe gazmor. D\u00ebshirojm\u00eb t\u00eb fal\u00ebnderojm\u00eb miqt\u00eb tan\u00eb t\u00eb ftuar kroat\u00eb p\u00ebr pjes\u00ebmarrjen dhe bashk\u00ebpunimin e tyre t\u00eb suksessh\u00ebm n\u00eb k\u00ebt\u00eb koncert madh\u00ebshtor: Ansambli Zlatna Godine dhe KD Ogrank Selja\u010dke sloga, si dhe drejtuesit e tyre Sini\u0161a Beloshevi\u0107 dhe \u017deljko Medved. Edhe m\u00eb t\u00eb bukur e ka b\u00ebr\u00eb koncertin k\u00ebng\u00ebtarja e korit ZORJA nga Kroacia, Marjana Kremer, n\u00eb interpretimin e k\u00ebng\u00ebs \u201cOj zogo\u201d. Koncerti \u00ebsht\u00eb p\u00ebrgatitur dhe drejtuar nga Leonard Hamitaj. Ky koncert u shfaq edhe m\u00eb 13 n\u00ebntor 2016. p\u00ebr publikun shqiptar dhe kroat n\u00eb sall\u00ebn e Pallatit t\u00eb Kultur\u00ebs n\u00eb qytetin e Bjelovarit, n\u00eb bashk\u00ebpunim me Shoqat\u00ebn e Shqiptar\u00ebve t\u00eb Qarkut Bjelovar-Bilogora.<\/p>","protected":false},"excerpt":{"rendered":"<p>Albansko dramsko dru\u0161tvo u Hrvatskoj, u suradnji s&#8230;<\/p>","protected":false},"author":1,"featured_media":858,"comment_status":"closed","ping_status":"open","sticky":false,"template":"","format":"standard","meta":{"footnotes":""},"categories":[16],"tags":[],"class_list":["post-857","post","type-post","status-publish","format-standard","has-post-thumbnail","hentry","category-lokalna-i-medunarodna-suradnja"],"_links":{"self":[{"href":"https:\/\/kazaliste-mergimtari.hr\/al\/wp-json\/wp\/v2\/posts\/857","targetHints":{"allow":["GET"]}}],"collection":[{"href":"https:\/\/kazaliste-mergimtari.hr\/al\/wp-json\/wp\/v2\/posts"}],"about":[{"href":"https:\/\/kazaliste-mergimtari.hr\/al\/wp-json\/wp\/v2\/types\/post"}],"author":[{"embeddable":true,"href":"https:\/\/kazaliste-mergimtari.hr\/al\/wp-json\/wp\/v2\/users\/1"}],"replies":[{"embeddable":true,"href":"https:\/\/kazaliste-mergimtari.hr\/al\/wp-json\/wp\/v2\/comments?post=857"}],"version-history":[{"count":3,"href":"https:\/\/kazaliste-mergimtari.hr\/al\/wp-json\/wp\/v2\/posts\/857\/revisions"}],"predecessor-version":[{"id":2817,"href":"https:\/\/kazaliste-mergimtari.hr\/al\/wp-json\/wp\/v2\/posts\/857\/revisions\/2817"}],"wp:featuredmedia":[{"embeddable":true,"href":"https:\/\/kazaliste-mergimtari.hr\/al\/wp-json\/wp\/v2\/media\/858"}],"wp:attachment":[{"href":"https:\/\/kazaliste-mergimtari.hr\/al\/wp-json\/wp\/v2\/media?parent=857"}],"wp:term":[{"taxonomy":"category","embeddable":true,"href":"https:\/\/kazaliste-mergimtari.hr\/al\/wp-json\/wp\/v2\/categories?post=857"},{"taxonomy":"post_tag","embeddable":true,"href":"https:\/\/kazaliste-mergimtari.hr\/al\/wp-json\/wp\/v2\/tags?post=857"}],"curies":[{"name":"wp","href":"https:\/\/api.w.org\/{rel}","templated":true}]}}