{"id":686,"date":"2022-10-19T13:37:12","date_gmt":"2022-10-19T13:37:12","guid":{"rendered":"http:\/\/kazaliste-mergimtari.hr\/?p=686"},"modified":"2022-10-31T16:02:44","modified_gmt":"2022-10-31T16:02:44","slug":"koncert-variete","status":"publish","type":"post","link":"https:\/\/kazaliste-mergimtari.hr\/al\/koncert-variete\/","title":{"rendered":"Koncert Variete"},"content":{"rendered":"<p>Shoq\u00ebria dramatike shqiptare n\u00eb Kroaci, n\u00eb bashk\u00ebpunim me k\u00ebshillat e pakic\u00ebs komb\u00ebtare shqiptare t\u00eb qytetit t\u00eb Zagrebit dhe qytetit t\u00eb Goric\u00ebs s\u00eb Madhe, 12 n\u00ebntor 2016. organizoi me sukses nj\u00eb koncert - me k\u00ebng\u00eb, valle dhe humor, i cili gjithashtu hapi nj\u00eb s\u00ebr\u00eb festimesh me rastin e 104 vjetorit t\u00eb pavar\u00ebsis\u00eb s\u00eb Shqip\u00ebris\u00eb n\u00eb Kroaci.<\/p>\n\n\n\n<p>N\u00eb k\u00ebt\u00eb koncert e ftuara e ve\u00e7ant\u00eb ishte k\u00ebng\u00ebtarja e mir\u00ebnjohur nga Shqip\u00ebria Ludmilla Baballeku e cila me interpretimin e saj t\u00eb mrekulluesh\u00ebm dhe profesional emocionoi publikun e shumt\u00eb shqiptar e kroat me potpuri k\u00ebng\u00ebsh nga t\u00eb gjitha trojet shqiptare. K\u00ebng\u00ebtarja u shoq\u00ebrua nga mjeshtri i muzik\u00ebs Arben Zhezha. Koncertin e ben\u00eb interesant dhe gazmor aktor\u00ebt e Shoqat\u00ebs M\u00ebrgimtari n\u00eb Kroaci, Agnesa Smakiqi,Tea Seferovi\u0107, Era Osmani, Leonard Hamitaj dhe Valentina Mrijaj n\u00eb rolin e prezantueses.<\/p>\n\n\n\n<p>Falenderojm\u00eb p\u00ebr pjes\u00ebmarrjen dhe bashk\u00ebpunimin e suksessh\u00ebm n\u00eb k\u00ebt\u00eb koncert madh\u00ebshtor miqt\u00eb e ftuar kroat: Ansamblin Zlatne Godine dhe Sh.K. A Ogranak Seljacke Sloge si dhe drejtuesit e tyre Sini\u0161a Belo\u0161evi\u0107 dhe \u017deljko Medved. Koncertin e zbukuroi dhe k\u00ebng\u00ebtarja e Grupit vokal kroat ZORJA, Marjana Kremer n\u00eb interpretimin e k\u00ebng\u00ebs \"Oj zogo\"<\/p>\n\n\n\n<p>Koncertin e p\u00ebrgatiti dhe drejtoi Leonard Hamitaj. Gjithashtu k\u00ebt\u00eb koncert e shfaq\u00ebm n\u00eb dat\u00ebn 13.11.2016 edhe p\u00ebr publikun shqiptar dhe kroat n\u00eb sallen e Pallatit t\u00eb Kultur\u00ebs s\u00eb qytetit t\u00eb Bjellovarit n\u00eb bashk\u00ebpunim me Bashk\u00ebsin\u00eb Shqiptare t\u00eb Prefektur\u00ebs s\u00eb Billogor\u00ebs-Bjellovarit.<\/p>","protected":false},"excerpt":{"rendered":"<p>Albansko dramsko dru\u0161tvo u Hrvatskoj, u suradnji s&#8230;<\/p>","protected":false},"author":1,"featured_media":858,"comment_status":"closed","ping_status":"open","sticky":false,"template":"","format":"standard","meta":{"footnotes":""},"categories":[10],"tags":[],"class_list":["post-686","post","type-post","status-publish","format-standard","has-post-thumbnail","hentry","category-predstave"],"_links":{"self":[{"href":"https:\/\/kazaliste-mergimtari.hr\/al\/wp-json\/wp\/v2\/posts\/686","targetHints":{"allow":["GET"]}}],"collection":[{"href":"https:\/\/kazaliste-mergimtari.hr\/al\/wp-json\/wp\/v2\/posts"}],"about":[{"href":"https:\/\/kazaliste-mergimtari.hr\/al\/wp-json\/wp\/v2\/types\/post"}],"author":[{"embeddable":true,"href":"https:\/\/kazaliste-mergimtari.hr\/al\/wp-json\/wp\/v2\/users\/1"}],"replies":[{"embeddable":true,"href":"https:\/\/kazaliste-mergimtari.hr\/al\/wp-json\/wp\/v2\/comments?post=686"}],"version-history":[{"count":3,"href":"https:\/\/kazaliste-mergimtari.hr\/al\/wp-json\/wp\/v2\/posts\/686\/revisions"}],"predecessor-version":[{"id":2829,"href":"https:\/\/kazaliste-mergimtari.hr\/al\/wp-json\/wp\/v2\/posts\/686\/revisions\/2829"}],"wp:featuredmedia":[{"embeddable":true,"href":"https:\/\/kazaliste-mergimtari.hr\/al\/wp-json\/wp\/v2\/media\/858"}],"wp:attachment":[{"href":"https:\/\/kazaliste-mergimtari.hr\/al\/wp-json\/wp\/v2\/media?parent=686"}],"wp:term":[{"taxonomy":"category","embeddable":true,"href":"https:\/\/kazaliste-mergimtari.hr\/al\/wp-json\/wp\/v2\/categories?post=686"},{"taxonomy":"post_tag","embeddable":true,"href":"https:\/\/kazaliste-mergimtari.hr\/al\/wp-json\/wp\/v2\/tags?post=686"}],"curies":[{"name":"wp","href":"https:\/\/api.w.org\/{rel}","templated":true}]}}