{"id":3756,"date":"2025-03-21T10:17:41","date_gmt":"2025-03-21T09:17:41","guid":{"rendered":"https:\/\/kazaliste-mergimtari.hr\/?p=3756"},"modified":"2025-03-21T10:17:43","modified_gmt":"2025-03-21T09:17:43","slug":"ne-savudrija-u-mbajt-shkolla-verore-e-nxenesve-te-mesimit-shqip-te-kroacise","status":"publish","type":"post","link":"https:\/\/kazaliste-mergimtari.hr\/al\/ne-savudrija-u-mbajt-shkolla-verore-e-nxenesve-te-mesimit-shqip-te-kroacise\/","title":{"rendered":"N\u00eb Savudrija u mbajt shkolla verore e nx\u00ebn\u00ebsve t\u00eb m\u00ebsimit shqip t\u00eb Kroacis\u00eb"},"content":{"rendered":"<figure class=\"wp-block-embed is-type-wp-embed is-provider-diaspora-shqiptare wp-block-embed-diaspora-shqiptare\"><div class=\"wp-block-embed__wrapper\">\n<blockquote class=\"wp-embedded-content\" data-secret=\"ujL3K8JCNa\"><a href=\"https:\/\/diasporashqiptare.al\/2023\/07\/11\/ne-savudrija-u-mbajt-shkolla-verore-e-nxenesve-te-mesimit-shqip-te-kroacise\/\">N\u00eb Savudrija u mbajt shkolla verore e nx\u00ebn\u00ebsve t\u00eb m\u00ebsimit shqip t\u00eb Kroacis\u00eb<\/a><\/blockquote><iframe class=\"wp-embedded-content\" sandbox=\"allow-scripts\" security=\"restricted\" style=\"position: absolute; visibility: hidden;\" title=\"\u201cN\u00eb Savudrija u mbajt shkolla verore e nx\u00ebn\u00ebsve t\u00eb m\u00ebsimit shqip t\u00eb Kroacis\u00eb\u201d &#8212; Diaspora Shqiptare\" src=\"https:\/\/diasporashqiptare.al\/2023\/07\/11\/ne-savudrija-u-mbajt-shkolla-verore-e-nxenesve-te-mesimit-shqip-te-kroacise\/embed\/#?secret=5uR0415iEf#?secret=ujL3K8JCNa\" data-secret=\"ujL3K8JCNa\" width=\"600\" height=\"338\" frameborder=\"0\" marginwidth=\"0\" marginheight=\"0\" scrolling=\"no\"><\/iframe>\n<\/div><\/figure>","protected":false},"excerpt":{"rendered":"","protected":false},"author":1,"featured_media":3757,"comment_status":"open","ping_status":"open","sticky":false,"template":"","format":"standard","meta":{"footnotes":""},"categories":[19],"tags":[],"class_list":["post-3756","post","type-post","status-publish","format-standard","has-post-thumbnail","hentry","category-iz-medija"],"_links":{"self":[{"href":"https:\/\/kazaliste-mergimtari.hr\/al\/wp-json\/wp\/v2\/posts\/3756","targetHints":{"allow":["GET"]}}],"collection":[{"href":"https:\/\/kazaliste-mergimtari.hr\/al\/wp-json\/wp\/v2\/posts"}],"about":[{"href":"https:\/\/kazaliste-mergimtari.hr\/al\/wp-json\/wp\/v2\/types\/post"}],"author":[{"embeddable":true,"href":"https:\/\/kazaliste-mergimtari.hr\/al\/wp-json\/wp\/v2\/users\/1"}],"replies":[{"embeddable":true,"href":"https:\/\/kazaliste-mergimtari.hr\/al\/wp-json\/wp\/v2\/comments?post=3756"}],"version-history":[{"count":1,"href":"https:\/\/kazaliste-mergimtari.hr\/al\/wp-json\/wp\/v2\/posts\/3756\/revisions"}],"predecessor-version":[{"id":3758,"href":"https:\/\/kazaliste-mergimtari.hr\/al\/wp-json\/wp\/v2\/posts\/3756\/revisions\/3758"}],"wp:featuredmedia":[{"embeddable":true,"href":"https:\/\/kazaliste-mergimtari.hr\/al\/wp-json\/wp\/v2\/media\/3757"}],"wp:attachment":[{"href":"https:\/\/kazaliste-mergimtari.hr\/al\/wp-json\/wp\/v2\/media?parent=3756"}],"wp:term":[{"taxonomy":"category","embeddable":true,"href":"https:\/\/kazaliste-mergimtari.hr\/al\/wp-json\/wp\/v2\/categories?post=3756"},{"taxonomy":"post_tag","embeddable":true,"href":"https:\/\/kazaliste-mergimtari.hr\/al\/wp-json\/wp\/v2\/tags?post=3756"}],"curies":[{"name":"wp","href":"https:\/\/api.w.org\/{rel}","templated":true}]}}