{"id":3327,"date":"2024-04-03T10:00:36","date_gmt":"2024-04-03T08:00:36","guid":{"rendered":"https:\/\/kazaliste-mergimtari.hr\/?p=3327"},"modified":"2024-04-03T10:02:31","modified_gmt":"2024-04-03T08:02:31","slug":"pricaj-mi-na-svom-jeziku","status":"publish","type":"post","link":"https:\/\/kazaliste-mergimtari.hr\/al\/pricaj-mi-na-svom-jeziku\/","title":{"rendered":"Programi \u201c M\u00eb fol n\u00eb gjuh\u00ebn t\u00ebnde\u201c"},"content":{"rendered":"<p>M\u00eb 16 Mars 2024, n\u00eb sall\u00ebn e Qendr\u00ebs Studentore Stjepan Radi\u0107, n\u00eb Zagreb, n\u00ebn organizimin e Kordinacionit t\u00eb K\u00ebshillave dhe P\u00ebrfaq\u00ebsive t\u00eb Pakicave Komb\u00ebtare t\u00eb Zagrebit, nx\u00ebn\u00ebsit e m\u00ebsimit t\u00eb gjuh\u00ebs shqipe dhe kultur\u00ebs shqiptare t\u00eb Zagrebit  dhe Prefektur\u00ebs s\u00eb Zagrebit s\u00eb bashku me nx\u00ebn\u00ebsit q\u00eb m\u00ebsojn\u00eb gjuh\u00ebt amtare: \u00e7eke, boshnjake, hungareze, maqedonase, ruse, polake, srbe, ukrainase festuan Dit\u00ebn Nd\u00ebrkomb\u00ebtare t\u00eb Gjuh\u00ebs Amtare dhe 10 vjetorin e programit \"M\u00eb fol n\u00eb gjuh\u00ebn t\u00ebnde\".<br><\/p>\n\n\n\n<p>Ishte nj\u00eb feste e bukur shum\u00ebgjuh\u00ebsie, ku morr\u00ebn pjes\u00eb mbi 100 nx\u00ebn\u00ebs, n\u00eb sall\u00ebn e mbushur plot\u00eb me f\u00ebmij\u00eb, prind\u00ebr, m\u00ebsues, an\u00ebtar\u00eb t\u00eb k\u00ebshillave, organizatave t\u00eb pakicave komb\u00ebtare dhe kroat\u00eb. Nx\u00ebn\u00ebsit recituan n\u00eb gjuh\u00ebn shqipe pjes\u00eb nga poema \u201eBag\u00ebti e bujq\u00ebsi\u201c, \u201eEdhe un\u00eb kam t\u00eb drejt\u00eb!\u201c, \u201eAbetare\u201c, \u201eKryefjala e fjal\u00ebve\u201c, nd\u00ebrsa Hira e arsimit parashkollor k\u00ebndoi k\u00ebng\u00ebn \u201eZemra m\u00eb rreh p\u00ebr Shqip\u00ebrin\u00eb\u201c, q\u00eb u p\u00eblque shum\u00eb dhe u duartrokit nga publiku.<br><\/p>\n\n\n\n<p>Programin e p\u00ebrsh\u00ebndet\u00ebn kryetari i Kordinacionit t\u00eb K\u00ebshillave dhe P\u00ebrfaq\u00ebsive t\u00eb Pakicave Komb\u00ebtare t\u00eb Zagrebit, Armin Hod\u017ei\u0107 dhe p\u00ebrfaq\u00ebsuesja e Zyr\u00ebs p\u00ebr Kultur\u00eb dhe Shoq\u00ebrin\u00eb Civile t\u00eb Bashkis\u00eb s\u00eb Zagrebit, Ljiljana Kla\u0161nja, e cila falenderoi nx\u00ebn\u00ebsit dhe m\u00ebsueset, n\u00eb m\u00ebnyr\u00eb t\u00eb ve\u00e7ant\u00eb ideatoren e k\u00ebtij programi dhjet\u00ebvje\u00e7ar m\u00ebsuesen Melita Ore\u0161kovi\u0107, nj\u00ebkoh\u00ebsisht dhe drejtuesen e seksionit t\u00eb dram\u00ebs per f\u00ebmij\u00eb t\u00eb Shoqat\u00ebs Teatrale Shqiptare n\u00eb Kroaci \u201eM\u00ebrgimtari\u201c.<\/p>\n\n\n\n<figure class=\"wp-block-gallery has-nested-images columns-default is-cropped wp-block-gallery-1 is-layout-flex wp-block-gallery-is-layout-flex\">\n<figure class=\"wp-block-image size-large\"><img fetchpriority=\"high\" decoding=\"async\" width=\"1024\" height=\"473\" data-id=\"3332\" src=\"https:\/\/kazaliste-mergimtari.hr\/wp-content\/uploads\/2024\/04\/432403357_25797452449853729_5217334425781416974_n-1024x473.jpg\" alt=\"\" class=\"wp-image-3332\" srcset=\"https:\/\/kazaliste-mergimtari.hr\/wp-content\/uploads\/2024\/04\/432403357_25797452449853729_5217334425781416974_n-1024x473.jpg 1024w, https:\/\/kazaliste-mergimtari.hr\/wp-content\/uploads\/2024\/04\/432403357_25797452449853729_5217334425781416974_n-300x138.jpg 300w, https:\/\/kazaliste-mergimtari.hr\/wp-content\/uploads\/2024\/04\/432403357_25797452449853729_5217334425781416974_n-768x354.jpg 768w, https:\/\/kazaliste-mergimtari.hr\/wp-content\/uploads\/2024\/04\/432403357_25797452449853729_5217334425781416974_n-1536x709.jpg 1536w, https:\/\/kazaliste-mergimtari.hr\/wp-content\/uploads\/2024\/04\/432403357_25797452449853729_5217334425781416974_n-18x8.jpg 18w, https:\/\/kazaliste-mergimtari.hr\/wp-content\/uploads\/2024\/04\/432403357_25797452449853729_5217334425781416974_n.jpg 2048w\" sizes=\"(max-width: 1024px) 100vw, 1024px\" \/><\/figure>\n\n\n\n<figure class=\"wp-block-image size-large\"><img decoding=\"async\" width=\"1024\" height=\"473\" data-id=\"3331\" src=\"https:\/\/kazaliste-mergimtari.hr\/wp-content\/uploads\/2024\/04\/432423616_25797455126520128_6736779829986417116_n-1024x473.jpg\" alt=\"\" class=\"wp-image-3331\" srcset=\"https:\/\/kazaliste-mergimtari.hr\/wp-content\/uploads\/2024\/04\/432423616_25797455126520128_6736779829986417116_n-1024x473.jpg 1024w, https:\/\/kazaliste-mergimtari.hr\/wp-content\/uploads\/2024\/04\/432423616_25797455126520128_6736779829986417116_n-300x138.jpg 300w, https:\/\/kazaliste-mergimtari.hr\/wp-content\/uploads\/2024\/04\/432423616_25797455126520128_6736779829986417116_n-768x354.jpg 768w, https:\/\/kazaliste-mergimtari.hr\/wp-content\/uploads\/2024\/04\/432423616_25797455126520128_6736779829986417116_n-1536x709.jpg 1536w, https:\/\/kazaliste-mergimtari.hr\/wp-content\/uploads\/2024\/04\/432423616_25797455126520128_6736779829986417116_n-18x8.jpg 18w, https:\/\/kazaliste-mergimtari.hr\/wp-content\/uploads\/2024\/04\/432423616_25797455126520128_6736779829986417116_n.jpg 2048w\" sizes=\"(max-width: 1024px) 100vw, 1024px\" \/><\/figure>\n\n\n\n<figure class=\"wp-block-image size-large\"><img decoding=\"async\" width=\"1024\" height=\"646\" data-id=\"3333\" src=\"https:\/\/kazaliste-mergimtari.hr\/wp-content\/uploads\/2024\/04\/432561786_2987286748074405_2377020941960198816_n-1024x646.jpg\" alt=\"\" class=\"wp-image-3333\" srcset=\"https:\/\/kazaliste-mergimtari.hr\/wp-content\/uploads\/2024\/04\/432561786_2987286748074405_2377020941960198816_n-1024x646.jpg 1024w, https:\/\/kazaliste-mergimtari.hr\/wp-content\/uploads\/2024\/04\/432561786_2987286748074405_2377020941960198816_n-300x189.jpg 300w, https:\/\/kazaliste-mergimtari.hr\/wp-content\/uploads\/2024\/04\/432561786_2987286748074405_2377020941960198816_n-768x485.jpg 768w, https:\/\/kazaliste-mergimtari.hr\/wp-content\/uploads\/2024\/04\/432561786_2987286748074405_2377020941960198816_n-1536x969.jpg 1536w, https:\/\/kazaliste-mergimtari.hr\/wp-content\/uploads\/2024\/04\/432561786_2987286748074405_2377020941960198816_n-2048x1292.jpg 2048w, https:\/\/kazaliste-mergimtari.hr\/wp-content\/uploads\/2024\/04\/432561786_2987286748074405_2377020941960198816_n-18x12.jpg 18w\" sizes=\"(max-width: 1024px) 100vw, 1024px\" \/><\/figure>\n\n\n\n<figure class=\"wp-block-image size-large\"><img decoding=\"async\" data-id=\"3330\" src=\"https:\/\/kazaliste-mergimtari.hr\/wp-content\/uploads\/2024\/04\/432861009_318768337880712_9098738624239774521_n.jpg\" alt=\"\" class=\"wp-image-3330\"\/><\/figure>\n\n\n\n<figure class=\"wp-block-image size-large\"><img loading=\"lazy\" decoding=\"async\" width=\"1024\" height=\"473\" data-id=\"3329\" src=\"https:\/\/kazaliste-mergimtari.hr\/wp-content\/uploads\/2024\/04\/glavna-slika-1-1024x473.jpg\" alt=\"\" class=\"wp-image-3329\" srcset=\"https:\/\/kazaliste-mergimtari.hr\/wp-content\/uploads\/2024\/04\/glavna-slika-1-1024x473.jpg 1024w, https:\/\/kazaliste-mergimtari.hr\/wp-content\/uploads\/2024\/04\/glavna-slika-1-300x138.jpg 300w, https:\/\/kazaliste-mergimtari.hr\/wp-content\/uploads\/2024\/04\/glavna-slika-1-768x354.jpg 768w, https:\/\/kazaliste-mergimtari.hr\/wp-content\/uploads\/2024\/04\/glavna-slika-1-1536x709.jpg 1536w, https:\/\/kazaliste-mergimtari.hr\/wp-content\/uploads\/2024\/04\/glavna-slika-1-18x8.jpg 18w, https:\/\/kazaliste-mergimtari.hr\/wp-content\/uploads\/2024\/04\/glavna-slika-1.jpg 2048w\" sizes=\"(max-width: 1024px) 100vw, 1024px\" \/><\/figure>\n<\/figure>","protected":false},"excerpt":{"rendered":"<p>Dana 16. o\u017eujka 2024. u dvorani Studentskog centra Stjepan Radi\u0107 u Zagrebu, u organizaciji Koordinacije vije\u0107a i predstavnika nacionalnih manjina Grada Zagreba, u\u010denici albanskoga jezika i kulture iz Zagreba i Zagreba\u010dke \u017eupanije, zajedno s u\u010denicima koji u\u010de svoje materinske jezike: \u010de\u0161ki, bosanski, ma\u0111arski, makedonski, ruski, poljski, srpski, ukrajinski obilje\u017eili su Me\u0111unarodni dan materinskog jezika i [&hellip;]<\/p>","protected":false},"author":1,"featured_media":3328,"comment_status":"open","ping_status":"open","sticky":false,"template":"","format":"standard","meta":{"footnotes":""},"categories":[8],"tags":[],"class_list":["post-3327","post","type-post","status-publish","format-standard","has-post-thumbnail","hentry","category-novosti"],"_links":{"self":[{"href":"https:\/\/kazaliste-mergimtari.hr\/al\/wp-json\/wp\/v2\/posts\/3327","targetHints":{"allow":["GET"]}}],"collection":[{"href":"https:\/\/kazaliste-mergimtari.hr\/al\/wp-json\/wp\/v2\/posts"}],"about":[{"href":"https:\/\/kazaliste-mergimtari.hr\/al\/wp-json\/wp\/v2\/types\/post"}],"author":[{"embeddable":true,"href":"https:\/\/kazaliste-mergimtari.hr\/al\/wp-json\/wp\/v2\/users\/1"}],"replies":[{"embeddable":true,"href":"https:\/\/kazaliste-mergimtari.hr\/al\/wp-json\/wp\/v2\/comments?post=3327"}],"version-history":[{"count":2,"href":"https:\/\/kazaliste-mergimtari.hr\/al\/wp-json\/wp\/v2\/posts\/3327\/revisions"}],"predecessor-version":[{"id":3339,"href":"https:\/\/kazaliste-mergimtari.hr\/al\/wp-json\/wp\/v2\/posts\/3327\/revisions\/3339"}],"wp:featuredmedia":[{"embeddable":true,"href":"https:\/\/kazaliste-mergimtari.hr\/al\/wp-json\/wp\/v2\/media\/3328"}],"wp:attachment":[{"href":"https:\/\/kazaliste-mergimtari.hr\/al\/wp-json\/wp\/v2\/media?parent=3327"}],"wp:term":[{"taxonomy":"category","embeddable":true,"href":"https:\/\/kazaliste-mergimtari.hr\/al\/wp-json\/wp\/v2\/categories?post=3327"},{"taxonomy":"post_tag","embeddable":true,"href":"https:\/\/kazaliste-mergimtari.hr\/al\/wp-json\/wp\/v2\/tags?post=3327"}],"curies":[{"name":"wp","href":"https:\/\/api.w.org\/{rel}","templated":true}]}}