{"id":3202,"date":"2024-01-15T14:42:51","date_gmt":"2024-01-15T13:42:51","guid":{"rendered":"https:\/\/kazaliste-mergimtari.hr\/?p=3202"},"modified":"2024-01-15T14:42:52","modified_gmt":"2024-01-15T13:42:52","slug":"nacionalnemanjine-hr-mergimtari","status":"publish","type":"post","link":"https:\/\/kazaliste-mergimtari.hr\/al\/nacionalnemanjine-hr-mergimtari\/","title":{"rendered":"diasporashqiptare.al: Mesazhi p\u00ebr paqen i nx\u00ebn\u00ebsve t\u00eb m\u00ebsimit shqip t\u00eb Kroacis\u00eb n\u00eb festat e 7-8 marsit"},"content":{"rendered":"<p><a href=\"https:\/\/diasporashqiptare.al\/2022\/03\/06\/mesazhi-per-paqen-i-nxenesve-te-mesimit-shqip-te-kroacise-ne-festat-e-7-8-marsit\/\">https:\/\/diasporashqiptare.al\/2022\/03\/06\/mesazhi-per-paqen-i-nxenesve-te-mesimit-shqip-te-kroacise-ne-festat-e-7-8-marsit\/<\/a><\/p>","protected":false},"excerpt":{"rendered":"<p>https:\/\/diasporashqiptare.al\/2022\/03\/06\/mesazhi-per-paqen-i-nxenesve-te-mesimit-shqip-te-kroacise-ne-festat-e-7-8-marsit\/<\/p>","protected":false},"author":1,"featured_media":3203,"comment_status":"open","ping_status":"open","sticky":false,"template":"","format":"standard","meta":{"footnotes":""},"categories":[19],"tags":[],"class_list":["post-3202","post","type-post","status-publish","format-standard","has-post-thumbnail","hentry","category-iz-medija"],"_links":{"self":[{"href":"https:\/\/kazaliste-mergimtari.hr\/al\/wp-json\/wp\/v2\/posts\/3202","targetHints":{"allow":["GET"]}}],"collection":[{"href":"https:\/\/kazaliste-mergimtari.hr\/al\/wp-json\/wp\/v2\/posts"}],"about":[{"href":"https:\/\/kazaliste-mergimtari.hr\/al\/wp-json\/wp\/v2\/types\/post"}],"author":[{"embeddable":true,"href":"https:\/\/kazaliste-mergimtari.hr\/al\/wp-json\/wp\/v2\/users\/1"}],"replies":[{"embeddable":true,"href":"https:\/\/kazaliste-mergimtari.hr\/al\/wp-json\/wp\/v2\/comments?post=3202"}],"version-history":[{"count":1,"href":"https:\/\/kazaliste-mergimtari.hr\/al\/wp-json\/wp\/v2\/posts\/3202\/revisions"}],"predecessor-version":[{"id":3204,"href":"https:\/\/kazaliste-mergimtari.hr\/al\/wp-json\/wp\/v2\/posts\/3202\/revisions\/3204"}],"wp:featuredmedia":[{"embeddable":true,"href":"https:\/\/kazaliste-mergimtari.hr\/al\/wp-json\/wp\/v2\/media\/3203"}],"wp:attachment":[{"href":"https:\/\/kazaliste-mergimtari.hr\/al\/wp-json\/wp\/v2\/media?parent=3202"}],"wp:term":[{"taxonomy":"category","embeddable":true,"href":"https:\/\/kazaliste-mergimtari.hr\/al\/wp-json\/wp\/v2\/categories?post=3202"},{"taxonomy":"post_tag","embeddable":true,"href":"https:\/\/kazaliste-mergimtari.hr\/al\/wp-json\/wp\/v2\/tags?post=3202"}],"curies":[{"name":"wp","href":"https:\/\/api.w.org\/{rel}","templated":true}]}}