{"id":1084,"date":"2022-10-21T12:48:12","date_gmt":"2022-10-21T12:48:12","guid":{"rendered":"http:\/\/kazaliste-mergimtari.hr\/?p=1084"},"modified":"2022-10-27T13:18:46","modified_gmt":"2022-10-27T13:18:46","slug":"povodom-7-i-8-ozujka-poruka-za-mir-albanske-djece-2","status":"publish","type":"post","link":"https:\/\/kazaliste-mergimtari.hr\/al\/povodom-7-i-8-ozujka-poruka-za-mir-albanske-djece-2\/","title":{"rendered":"Me rastin e 7 dhe 8 Marsit - mesazh p\u00ebr paqen e f\u00ebmij\u00ebve shqiptar\u00eb"},"content":{"rendered":"<p>ME RASTIN E 7 DHE 8 MARSIT - MESAZH P\u00cbR PAQE F\u00cbMIJ\u00cbVE SHQIPTAR\u00cb<\/p>\n\n\n\n<p>N\u00eb Zagreb, m\u00eb 5 mars 2022, n\u00eb Qendr\u00ebn Kulturore Shqiptare, f\u00ebmij\u00ebt, m\u00ebsuesit dhe n\u00ebnat shqiptare festuan 7 dhe 8 Mars - Dit\u00ebn e M\u00ebsuesit dhe Dit\u00ebn Nd\u00ebrkomb\u00ebtare t\u00eb Gruas, organizuar nga K\u00ebshilli i M\u00ebsuesve Shqiptar\u00eb t\u00eb Kroacis\u00eb, Shoq\u00ebria e Dram\u00ebs Shqiptare n\u00eb Kroaci. Mergimtari, Shoqata e grave shqiptare t\u00eb Qarkut Primorje-Gorski Kotar, Shoqata e Pakic\u00ebs Komb\u00ebtare Shqiptare t\u00eb Ishullit Krk dhe me mb\u00ebshtetjen e Ambasad\u00ebs s\u00eb Republik\u00ebs s\u00eb Shqip\u00ebris\u00eb, Ambasad\u00ebs s\u00eb Republik\u00ebs s\u00eb Kosov\u00ebs dhe Unionit t\u00eb Shqiptar\u00ebt n\u00eb Kroaci.<\/p>\n\n\n\n<p>P\u00ebr k\u00ebt\u00eb rast f\u00ebmij\u00ebt shqiptar\u00eb t\u00eb shkollave fillore t\u00eb qyteteve Zagreb, Rijek\u00eb, Krka, Kastel Novi, Zadar, Osijek dhe Gjakov\u00eb p\u00ebrgatit\u00ebn nj\u00eb program t\u00eb pasur artistik me recitime dhe k\u00ebng\u00eb kushtuar m\u00ebsuesve, n\u00ebnave, atdheut, flamurit, Kosov\u00ebs, n\u00ebn udh\u00ebheqjen e Melita Oreshkoviqit, Suzana Jakupit, Diane Sahatciut, Pranvere Shabanit. F\u00ebmij\u00ebt nga Ka\u0161tel Novi dhe Osijeku gjithashtu mor\u00ebn pjes\u00eb n\u00eb recitime online. N\u00eb sall\u00ebn e mbushur plot, p\u00ebrve\u00e7 p\u00ebrfaq\u00ebsuesve t\u00eb institucioneve, ishin edhe prind\u00ebr dhe p\u00ebrfaq\u00ebsues t\u00eb mediave kroate.<\/p>\n\n\n\n<p>Aktivitetin e p\u00ebrsh\u00ebndet\u00ebn konsulli i Ambasad\u00ebs s\u00eb Kosov\u00ebs, Xhevdet Sopaj, z\u00ebvend\u00ebsambasadorja e Ambasad\u00ebs s\u00eb Shqip\u00ebris\u00eb, Alma Kasa dhe ambasadori i Republik\u00ebs s\u00eb Maqedonis\u00eb s\u00eb Veriut, Milaim Fetai.<\/p>\n\n\n\n<p>Programi u hap nga f\u00ebmij\u00ebt t\u00eb cil\u00ebt mir\u00ebprit\u00ebn t\u00eb pranishmit dhe uruan m\u00ebsueset, n\u00ebnat, motrat dhe bashk\u00ebshortet p\u00ebr 7 dhe 8 Mars.<\/p>\n\n\n\n<p>Pjes\u00eb e k\u00ebtij manifestimi ishte edhe ekspozita me vizatime nga 20 student\u00eb nga e gjith\u00eb Kroacia, t\u00eb cil\u00ebt me imagjinat\u00ebn e tyre paraqisnin p\u00ebllumbin e paqes, fitoren e pavar\u00ebsis\u00eb s\u00eb Kosov\u00ebs, nd\u00ebrthurjen e flamurit t\u00eb Shqip\u00ebris\u00eb dhe flamurit t\u00eb Kosov\u00ebs, figur\u00ebn e heroi komb\u00ebtar Gjergjo Kastriot Sk\u00ebnderbeu, heroi Adem Jashari, peizazhe t\u00eb tjera t\u00eb Kosov\u00ebs.<\/p>\n\n\n\n<p>Gjat\u00eb k\u00ebtij manifestimi kulturor u shpall\u00ebn edhe rezultatet e konkursit letrar e artistik me tem\u00eb \u201cKosova ime\u201d, i cili u hap n\u00eb janar t\u00eb vitit 2022 dhe u mbyll n\u00eb shkurt.<\/p>\n\n\n\n<p>Komisioni i p\u00ebrb\u00ebr\u00eb nga profesor\u00eb, artist\u00eb dhe poet\u00eb shpalli rezultatet e konkursit:<\/p>\n\n\n\n<p>Vendin e par\u00eb p\u00ebr krijimtari letrare e fitoi Teuta Mahmutaj nga Rijeka me nj\u00eb poezi&nbsp;<em>Kosova ime<\/em>, vendi i dyt\u00eb i takoi Era Ejupit p\u00ebr esen\u00eb e saj&nbsp;<em>Pushimet n\u00eb Kosov\u00eb<\/em>, nd\u00ebrsa vendin e tret\u00eb e fitoi Anamarija Nikollaj p\u00ebr k\u00ebng\u00ebn&nbsp;<em>Kosova ime.<\/em><\/p>\n\n\n\n<p>Vendin e par\u00eb e fituan Vesa dhe Visar Kabashi nga Krk p\u00ebr vizatimin e tyre<\/p>\n\n\n\n<p>Prvo mjesto osvojili su Vesa i Visar Kabashi iz Krka za crte\u017e&nbsp;<em>P\u00ebllumbi i paqes n\u00eb Kosov\u00eb<\/em>,<\/p>\n\n\n\n<p>Vendin e dyt\u00eb e fitoi Adea Smajli nga Zagrebi p\u00ebr vizatimin e saj&nbsp;<em>portreti i Sk\u00ebnderbeut<\/em>&nbsp;dhe Arlina Kurtishi p\u00ebr artistike&nbsp;<em>g\u00ebrshetimi i dy flamujve<\/em>.<\/p>\n\n\n\n<p>Vendin e tret\u00eb e fituan Merita Haliti nga Zagrebi p\u00ebr vizatimin artistik t\u00eb shqiponj\u00ebs dhe Hadis Mahmudi nga Osijeku p\u00ebr vizatimin e librit dhe stilolapsit, simbole t\u00eb dijes.<\/p>\n\n\n\n<p>Poetja Gjurgjica Ramqaj dhe Melita Ore\u0161koviq u dhuruan fituesve m\u00eb t\u00eb mir\u00eb komplet librash t\u00eb poetit kroato-kosovar Shahin Hasani.<\/p>\n\n\n\n<p>Programi u mbyll me nj\u00eb k\u00ebng\u00eb&nbsp;<em>Ne e duam lumturin\u00eb<\/em>&nbsp;dhe me mesazhin e f\u00ebmij\u00ebve, m\u00ebsuesve dhe n\u00ebnave, t\u00eb cilat unanimisht shpreh\u00ebn solidaritetin me f\u00ebmij\u00ebt ukrainas dhe n\u00ebnat e tyre: Paqe n\u00eb Ukrain\u00eb! Paqe n\u00eb Ukrain\u00eb!<\/p>","protected":false},"excerpt":{"rendered":"<p>ME RASTIN E 7 DHE 8 MARSIT - MESAZH P\u00cbR PAQE F\u00cbMIJ\u00cbVE SHQIPTAR\u00cb<\/p>\n<p>U Zagrebu su 5. 03. 2022. u Albanskom kulturnom centru, albanska djeca, u\u010diteljice i majke proslavili 7. i 8. o\u017eujak &#8211; Dan u\u010ditelja i Me\u0111unarodni dan \u017eena, u organizaciji Savjeta albanskih u\u010ditelja Hrvatske, Albanskog dramskog dru\u0161tva u Hrvatskoj Mergimtari, Udruge albanskih \u017eena primorsko-goranske \u017eupanije, Udruge&#8230;<\/p>","protected":false},"author":1,"featured_media":938,"comment_status":"closed","ping_status":"open","sticky":false,"template":"","format":"standard","meta":{"footnotes":""},"categories":[18],"tags":[],"class_list":["post-1084","post","type-post","status-publish","format-standard","has-post-thumbnail","hentry","category-dramska-sekcija-za-mlade-i-odrasle"],"_links":{"self":[{"href":"https:\/\/kazaliste-mergimtari.hr\/al\/wp-json\/wp\/v2\/posts\/1084","targetHints":{"allow":["GET"]}}],"collection":[{"href":"https:\/\/kazaliste-mergimtari.hr\/al\/wp-json\/wp\/v2\/posts"}],"about":[{"href":"https:\/\/kazaliste-mergimtari.hr\/al\/wp-json\/wp\/v2\/types\/post"}],"author":[{"embeddable":true,"href":"https:\/\/kazaliste-mergimtari.hr\/al\/wp-json\/wp\/v2\/users\/1"}],"replies":[{"embeddable":true,"href":"https:\/\/kazaliste-mergimtari.hr\/al\/wp-json\/wp\/v2\/comments?post=1084"}],"version-history":[{"count":4,"href":"https:\/\/kazaliste-mergimtari.hr\/al\/wp-json\/wp\/v2\/posts\/1084\/revisions"}],"predecessor-version":[{"id":2132,"href":"https:\/\/kazaliste-mergimtari.hr\/al\/wp-json\/wp\/v2\/posts\/1084\/revisions\/2132"}],"wp:featuredmedia":[{"embeddable":true,"href":"https:\/\/kazaliste-mergimtari.hr\/al\/wp-json\/wp\/v2\/media\/938"}],"wp:attachment":[{"href":"https:\/\/kazaliste-mergimtari.hr\/al\/wp-json\/wp\/v2\/media?parent=1084"}],"wp:term":[{"taxonomy":"category","embeddable":true,"href":"https:\/\/kazaliste-mergimtari.hr\/al\/wp-json\/wp\/v2\/categories?post=1084"},{"taxonomy":"post_tag","embeddable":true,"href":"https:\/\/kazaliste-mergimtari.hr\/al\/wp-json\/wp\/v2\/tags?post=1084"}],"curies":[{"name":"wp","href":"https:\/\/api.w.org\/{rel}","templated":true}]}}